{"id":25672,"date":"2018-06-11T18:54:23","date_gmt":"2018-06-11T16:54:23","guid":{"rendered":"https:\/\/www.huzarenvanboreel.nl\/?p=25672"},"modified":"2018-06-12T06:45:36","modified_gmt":"2018-06-12T04:45:36","slug":"inschrijving-voor-cavalerie-reunie-geopend","status":"publish","type":"post","link":"https:\/\/huzarenvanboreel.nl\/index.php\/2018\/06\/11\/inschrijving-voor-cavalerie-reunie-geopend\/","title":{"rendered":"Inschrijving voor de cavalerie re\u00fcnie geopend!"},"content":{"rendered":"<p><strong>Op donderdag 13 september <\/strong>wordt \u2019s avonds <strong>voor <\/strong><em><strong>alle<\/strong><\/em><strong> cavaleristen<\/strong> (actief dienend, FLO, dienst verlaten, oud-dienstplichtig, reservist) <strong>van <\/strong><em><strong>alle <\/strong><\/em><strong>cavalerieregimenten <\/strong>een <strong>re\u00fcnie<\/strong> gehouden op de <strong>Bernhardkazerne<\/strong>. Voorafgaand aan de re\u00fcnie worden er op de Hof in Amersfoort nieuwe regimentsleden be\u00ebdigd op de standaard van het Regiment Huzaren van Boreel.<!--more--><\/p>\n<p><a href=\" https:\/\/www.ticketkantoor.nl\/shop\/cav-reunie-2018\"><img loading=\"lazy\" decoding=\"async\" class=\"aligncenter wp-image-25670 size-medium\" src=\"https:\/\/www.huzarenvanboreel.nl\/wp-content\/uploads\/2018\/06\/3233CEA3-1836-4D7B-B1F2-4F36B04FA5AC-300x149.png\" alt=\"\" width=\"300\" height=\"149\" srcset=\"https:\/\/huzarenvanboreel.nl\/wp-content\/uploads\/2018\/06\/3233CEA3-1836-4D7B-B1F2-4F36B04FA5AC-300x149.png 300w, https:\/\/huzarenvanboreel.nl\/wp-content\/uploads\/2018\/06\/3233CEA3-1836-4D7B-B1F2-4F36B04FA5AC-600x298.png 600w, https:\/\/huzarenvanboreel.nl\/wp-content\/uploads\/2018\/06\/3233CEA3-1836-4D7B-B1F2-4F36B04FA5AC-768x381.png 768w, https:\/\/huzarenvanboreel.nl\/wp-content\/uploads\/2018\/06\/3233CEA3-1836-4D7B-B1F2-4F36B04FA5AC-1024x509.png 1024w, https:\/\/huzarenvanboreel.nl\/wp-content\/uploads\/2018\/06\/3233CEA3-1836-4D7B-B1F2-4F36B04FA5AC.png 2048w\" sizes=\"auto, (max-width: 300px) 100vw, 300px\" \/><\/a>Het thema van de re\u00fcnie is het met elkaar delen van uitzendervaringen. Er worden gesprekshoeken ingericht voor veteranen van de Bosni\u00eb-, Irak-, Afghanistan-, Mali- en Individuele VN-missies, <strong>en<\/strong> voor de oudgedienden van de Noord-Duitse Laagvlakte tijdens de Koude Oorlog.<\/p>\n<p><strong>We hopen veel cavaleristen te begroeten, laat zien dat de cavalerie leeft en<\/strong><strong> SCHRIJF JE IN <\/strong>d.m.v. de button boven deze tekst!<\/p>\n<p><u>Voorlopige gegevens<\/u>:<\/p>\n<ul>\n<li>Aanvang 18:00u, einde 22:00u<\/li>\n<li>Kosten <u>bij voorinschrijving<\/u> \u20ac 12.50 (toegang, 2 consumptiebonnen, giveaway, eten)<\/li>\n<\/ul>\n<p>Verdere bijzonderheden volgen t.z.t.<\/p>\n<p>Vragen: <a href=\"mailto:reunie2018@huzarenvanboreel.nl\">reunie2018@huzarenvanboreel.nl<\/a><\/p>\n","protected":false},"excerpt":{"rendered":"<p>Op donderdag 13 september wordt \u2019s avonds voor alle cavaleristen (actief dienend, FLO, dienst verlaten, oud-dienstplichtig, reservist) van alle cavalerieregimenten een re\u00fcnie gehouden op de Bernhardkazerne. Voorafgaand aan de re\u00fcnie worden er op de Hof in Amersfoort nieuwe regimentsleden be\u00ebdigd op de standaard van het Regiment Huzaren van Boreel.<\/p>\n","protected":false},"author":6,"featured_media":25679,"comment_status":"open","ping_status":"open","sticky":false,"template":"","format":"standard","meta":{"_bbp_topic_count":0,"_bbp_reply_count":0,"_bbp_total_topic_count":0,"_bbp_total_reply_count":0,"_bbp_voice_count":0,"_bbp_anonymous_reply_count":0,"_bbp_topic_count_hidden":0,"_bbp_reply_count_hidden":0,"_bbp_forum_subforum_count":0,"ngg_post_thumbnail":0,"footnotes":""},"categories":[30],"tags":[],"class_list":["post-25672","post","type-post","status-publish","format-standard","has-post-thumbnail","hentry","category-algemeen"],"_links":{"self":[{"href":"https:\/\/huzarenvanboreel.nl\/index.php\/wp-json\/wp\/v2\/posts\/25672","targetHints":{"allow":["GET"]}}],"collection":[{"href":"https:\/\/huzarenvanboreel.nl\/index.php\/wp-json\/wp\/v2\/posts"}],"about":[{"href":"https:\/\/huzarenvanboreel.nl\/index.php\/wp-json\/wp\/v2\/types\/post"}],"author":[{"embeddable":true,"href":"https:\/\/huzarenvanboreel.nl\/index.php\/wp-json\/wp\/v2\/users\/6"}],"replies":[{"embeddable":true,"href":"https:\/\/huzarenvanboreel.nl\/index.php\/wp-json\/wp\/v2\/comments?post=25672"}],"version-history":[{"count":10,"href":"https:\/\/huzarenvanboreel.nl\/index.php\/wp-json\/wp\/v2\/posts\/25672\/revisions"}],"predecessor-version":[{"id":25701,"href":"https:\/\/huzarenvanboreel.nl\/index.php\/wp-json\/wp\/v2\/posts\/25672\/revisions\/25701"}],"wp:featuredmedia":[{"embeddable":true,"href":"https:\/\/huzarenvanboreel.nl\/index.php\/wp-json\/wp\/v2\/media\/25679"}],"wp:attachment":[{"href":"https:\/\/huzarenvanboreel.nl\/index.php\/wp-json\/wp\/v2\/media?parent=25672"}],"wp:term":[{"taxonomy":"category","embeddable":true,"href":"https:\/\/huzarenvanboreel.nl\/index.php\/wp-json\/wp\/v2\/categories?post=25672"},{"taxonomy":"post_tag","embeddable":true,"href":"https:\/\/huzarenvanboreel.nl\/index.php\/wp-json\/wp\/v2\/tags?post=25672"}],"curies":[{"name":"wp","href":"https:\/\/api.w.org\/{rel}","templated":true}]}}